{"id":2562,"date":"2025-06-16T15:06:35","date_gmt":"2025-06-16T13:06:35","guid":{"rendered":"https:\/\/nmsravelsbach.ac.at\/?p=2562"},"modified":"2025-06-17T10:27:22","modified_gmt":"2025-06-17T08:27:22","slug":"evn-workshop-energie-klima-und-ich","status":"publish","type":"post","link":"https:\/\/nmsravelsbach.ac.at\/?p=2562","title":{"rendered":"EVN-Workshop &#8222;Energie, Klima und ich&#8220;"},"content":{"rendered":"<p>Am 6. Juni 2025 hatten die Sch\u00fclerinnen und Sch\u00fcler der 3. und 4. Klasse die Gelegenheit, am spannenden EVN Workshop \u201eEnergie, Klima und ich\u201c teilzunehmen. Der Workshop bot faszinierende Einblicke in die Themen Treibhauseffekt und CO\u2082-Fu\u00dfabdruck und zeigte auf, wie jeder Einzelne zum Klimaschutz beitragen kann.<\/p>\n<p><a href=\"https:\/\/nmsravelsbach-my.sharepoint.com\/:f:\/g\/personal\/foto_nmsravelsbach_ac_at\/ElFXqAvdf_lEuBEeHZLAEloBymOb6AKDP23ONwDa0lPeZg?e=M55Xbm\">Fotos &#8230;<\/a><\/p>\n<p><!--more--><\/p>\n<p>Mit anschaulichen Beispielen wurde erkl\u00e4rt, wie sich der Treibhauseffekt auf unsere Umwelt auswirkt und welche Rolle CO\u2082-Emissionen dabei spielen. Besonders beeindruckend war Analyse des eigenen CO\u2082-Fu\u00dfabdrucks \u2013 eine Erfahrung, die zum Nachdenken anregte und die Sch\u00fclerinnen und Sch\u00fcler motivierte, bewusstere Entscheidungen f\u00fcr eine nachhaltige Zukunft zu treffen.<\/p>\n","protected":false},"excerpt":{"rendered":"<p>Am 6. Juni 2025 hatten die Sch\u00fclerinnen und Sch\u00fcler der 3. und 4. Klasse die Gelegenheit, am spannenden EVN Workshop \u201eEnergie, Klima und ich\u201c teilzunehmen. Der Workshop bot faszinierende Einblicke in die Themen Treibhauseffekt und CO\u2082-Fu\u00dfabdruck und zeigte auf, wie jeder Einzelne zum Klimaschutz beitragen kann. Fotos &#8230;<\/p>\n","protected":false},"author":3,"featured_media":2567,"comment_status":"closed","ping_status":"closed","sticky":false,"template":"","format":"standard","meta":[],"categories":[3,47],"tags":[],"_links":{"self":[{"href":"https:\/\/nmsravelsbach.ac.at\/index.php?rest_route=\/wp\/v2\/posts\/2562"}],"collection":[{"href":"https:\/\/nmsravelsbach.ac.at\/index.php?rest_route=\/wp\/v2\/posts"}],"about":[{"href":"https:\/\/nmsravelsbach.ac.at\/index.php?rest_route=\/wp\/v2\/types\/post"}],"author":[{"embeddable":true,"href":"https:\/\/nmsravelsbach.ac.at\/index.php?rest_route=\/wp\/v2\/users\/3"}],"replies":[{"embeddable":true,"href":"https:\/\/nmsravelsbach.ac.at\/index.php?rest_route=%2Fwp%2Fv2%2Fcomments&post=2562"}],"version-history":[{"count":4,"href":"https:\/\/nmsravelsbach.ac.at\/index.php?rest_route=\/wp\/v2\/posts\/2562\/revisions"}],"predecessor-version":[{"id":2570,"href":"https:\/\/nmsravelsbach.ac.at\/index.php?rest_route=\/wp\/v2\/posts\/2562\/revisions\/2570"}],"wp:featuredmedia":[{"embeddable":true,"href":"https:\/\/nmsravelsbach.ac.at\/index.php?rest_route=\/wp\/v2\/media\/2567"}],"wp:attachment":[{"href":"https:\/\/nmsravelsbach.ac.at\/index.php?rest_route=%2Fwp%2Fv2%2Fmedia&parent=2562"}],"wp:term":[{"taxonomy":"category","embeddable":true,"href":"https:\/\/nmsravelsbach.ac.at\/index.php?rest_route=%2Fwp%2Fv2%2Fcategories&post=2562"},{"taxonomy":"post_tag","embeddable":true,"href":"https:\/\/nmsravelsbach.ac.at\/index.php?rest_route=%2Fwp%2Fv2%2Ftags&post=2562"}],"curies":[{"name":"wp","href":"https:\/\/api.w.org\/{rel}","templated":true}]}}