{"id":2557,"date":"2025-06-12T11:55:29","date_gmt":"2025-06-12T09:55:29","guid":{"rendered":"https:\/\/nmsravelsbach.ac.at\/?p=2557"},"modified":"2025-06-16T15:06:51","modified_gmt":"2025-06-16T13:06:51","slug":"igelprojekt","status":"publish","type":"post","link":"https:\/\/nmsravelsbach.ac.at\/?p=2557","title":{"rendered":"Igelprojekt"},"content":{"rendered":"<p><strong>Schul\u00fcbergreifendes Igelprojekt \u2013 Ein Vormittag voller Stacheln und Spa\u00df<\/strong><\/p>\n<p>Am 6.6.25 fand ein ganz besonderes schul\u00fcbergreifendes Projekt zwischen der 3. Klasse der Volksschule und der 1. Klasse der Mittelschule Ravelsbach statt. Gemeinsam erlebten die Kinder einen abwechslungsreichen Vormittag rund um das Thema <strong>Igel<\/strong>.<\/p>\n<p><!--more--><\/p>\n<p>In einem liebevoll vorbereiteten <strong>Stationenbetrieb<\/strong> konnten die Sch\u00fclerinnen und Sch\u00fcler in altersgemischten Gruppen verschiedene Aktivit\u00e4ten rund um das stachelige Tier entdecken und ausprobieren.<\/p>\n<p>Zum Auftakt wurden <strong>selbst verfasste Igelgeschichten<\/strong> vorgelesen \u2013 ein Highlight, bei dem die Kinder ihre Kreativit\u00e4t zeigen konnten und gebannt den Geschichten ihrer Mitsch\u00fclerinnen und Mitsch\u00fcler lauschten. Zur St\u00e4rkung wurden gemeinsam verzierte Igelmuffins verzehrt: M<strong>uffins<\/strong>, die nicht nur k\u00f6stlich schmeckten, sondern auch s\u00fc\u00df aussahen. Dazu gab es erfrischenden <strong>Holundersaft<\/strong> zur St\u00e4rkung.<\/p>\n<p>Auch die Musik kam nicht zu kurz: Mit viel Freude wurde gemeinsam ein <strong>Igellied<\/strong> gesungen, das zuvor im Musikunterricht einstudiert worden war. Das gemeinsame Singen sorgte f\u00fcr eine fr\u00f6hliche Stimmung und st\u00e4rkte das Gemeinschaftsgef\u00fchl zwischen den beiden Schulstufen.<\/p>\n<p>Das Projekt war nicht nur lehrreich, sondern f\u00f6rderte auch den sozialen Austausch und das Miteinander zwischen den j\u00fcngeren und \u00e4lteren Sch\u00fcler:innen. Am Ende des Vormittags waren sich alle einig: <strong>Der Igel-Tag war ein voller Erfolg!<\/strong><\/p>\n<p>&nbsp;<\/p>\n","protected":false},"excerpt":{"rendered":"<p>Schul\u00fcbergreifendes Igelprojekt \u2013 Ein Vormittag voller Stacheln und Spa\u00df Am 6.6.25 fand ein ganz besonderes schul\u00fcbergreifendes Projekt zwischen der 3. Klasse der Volksschule und der 1. Klasse der Mittelschule Ravelsbach statt. Gemeinsam erlebten die Kinder einen abwechslungsreichen Vormittag rund um das Thema Igel.<\/p>\n","protected":false},"author":3,"featured_media":2558,"comment_status":"closed","ping_status":"closed","sticky":false,"template":"","format":"standard","meta":[],"categories":[3,47],"tags":[],"_links":{"self":[{"href":"https:\/\/nmsravelsbach.ac.at\/index.php?rest_route=\/wp\/v2\/posts\/2557"}],"collection":[{"href":"https:\/\/nmsravelsbach.ac.at\/index.php?rest_route=\/wp\/v2\/posts"}],"about":[{"href":"https:\/\/nmsravelsbach.ac.at\/index.php?rest_route=\/wp\/v2\/types\/post"}],"author":[{"embeddable":true,"href":"https:\/\/nmsravelsbach.ac.at\/index.php?rest_route=\/wp\/v2\/users\/3"}],"replies":[{"embeddable":true,"href":"https:\/\/nmsravelsbach.ac.at\/index.php?rest_route=%2Fwp%2Fv2%2Fcomments&post=2557"}],"version-history":[{"count":1,"href":"https:\/\/nmsravelsbach.ac.at\/index.php?rest_route=\/wp\/v2\/posts\/2557\/revisions"}],"predecessor-version":[{"id":2559,"href":"https:\/\/nmsravelsbach.ac.at\/index.php?rest_route=\/wp\/v2\/posts\/2557\/revisions\/2559"}],"wp:featuredmedia":[{"embeddable":true,"href":"https:\/\/nmsravelsbach.ac.at\/index.php?rest_route=\/wp\/v2\/media\/2558"}],"wp:attachment":[{"href":"https:\/\/nmsravelsbach.ac.at\/index.php?rest_route=%2Fwp%2Fv2%2Fmedia&parent=2557"}],"wp:term":[{"taxonomy":"category","embeddable":true,"href":"https:\/\/nmsravelsbach.ac.at\/index.php?rest_route=%2Fwp%2Fv2%2Fcategories&post=2557"},{"taxonomy":"post_tag","embeddable":true,"href":"https:\/\/nmsravelsbach.ac.at\/index.php?rest_route=%2Fwp%2Fv2%2Ftags&post=2557"}],"curies":[{"name":"wp","href":"https:\/\/api.w.org\/{rel}","templated":true}]}}