{"id":2535,"date":"2025-05-22T10:21:40","date_gmt":"2025-05-22T08:21:40","guid":{"rendered":"https:\/\/nmsravelsbach.ac.at\/?p=2535"},"modified":"2025-05-22T10:21:40","modified_gmt":"2025-05-22T08:21:40","slug":"gemeinden-ziehen-an-einem-strang","status":"publish","type":"post","link":"https:\/\/nmsravelsbach.ac.at\/?p=2535","title":{"rendered":"Gemeinden ziehen an einem Strang"},"content":{"rendered":"<p><u>Gemeinden ziehen an einem Strang \u2013 Mittelschule Ravelsbach wird durch letzte Sanierungsphase zukunftsfit gemacht<\/u><\/p>\n<p>\u201eEs geht mit der Modernisierung unserer Gesund-Aktiv-Mittelschule weiter!&#8220;, verk\u00fcnden die Mitglieder der Mittelschulgemeinde Ravelsbach, welche in ihrer letzten Sitzung die Auftragsvergaben beschlossen. Steigende Sch\u00fclerzahlen und ein motiviertes Lehrpersonal regten die Obfrau der Mittelschule Mag. Auguste Lehner dazu an, die Gesund-Aktiv-Mittelschule Ravelsbach weiter zu st\u00e4rken. Durch konstruktive Gespr\u00e4che wurde ein gemeinsamer Schulterschluss aller beteiligten Gemeinden gefasst.<\/p>\n<p><!--more--><\/p>\n<p>Die geplanten Arbeiten umfassen die Erneuerung des Daches sowie der Blitzschutzanlage und weiters die Fortsetzung des Fenster- und T\u00fcrentausches. Ebenso ist abschlie\u00dfend noch eine Fassadensanierung vorgesehen und es soll eine Photovoltaikanlage samt Stromspeicher errichtet werden. \u201eDurch erneuerte Fenster und T\u00fcren sowie einer PV-Anlage k\u00f6nnen wir laufende Betriebskosten senken und somit Spielraum f\u00fcr Investitionen schaffen.&#8220;, stimmen die Entscheidungstr\u00e4ger zu. Bereits in wenigen Wochen wird mit den Arbeiten losgelegt, sodass letztendlich ein zeitgem\u00e4\u00dfes Schulgeb\u00e4ude zur Verf\u00fcgung stehen wird, welches bereits jetzt durch einen engagierten Lehrk\u00f6rper und deren Sch\u00fclerInnen zu neuem \u201eGesund-Aktiv-Schulleben&#8220; erweckt wurde.<\/p>\n<p>&nbsp;<\/p>\n","protected":false},"excerpt":{"rendered":"<p>Gemeinden ziehen an einem Strang \u2013 Mittelschule Ravelsbach wird durch letzte Sanierungsphase zukunftsfit gemacht \u201eEs geht mit der Modernisierung unserer Gesund-Aktiv-Mittelschule weiter!&#8220;, verk\u00fcnden die Mitglieder der Mittelschulgemeinde Ravelsbach, welche in ihrer letzten Sitzung die Auftragsvergaben beschlossen. Steigende Sch\u00fclerzahlen und ein motiviertes Lehrpersonal regten die Obfrau der Mittelschule Mag. Auguste Lehner<\/p>\n","protected":false},"author":3,"featured_media":2536,"comment_status":"closed","ping_status":"closed","sticky":false,"template":"","format":"standard","meta":[],"categories":[3,41],"tags":[],"_links":{"self":[{"href":"https:\/\/nmsravelsbach.ac.at\/index.php?rest_route=\/wp\/v2\/posts\/2535"}],"collection":[{"href":"https:\/\/nmsravelsbach.ac.at\/index.php?rest_route=\/wp\/v2\/posts"}],"about":[{"href":"https:\/\/nmsravelsbach.ac.at\/index.php?rest_route=\/wp\/v2\/types\/post"}],"author":[{"embeddable":true,"href":"https:\/\/nmsravelsbach.ac.at\/index.php?rest_route=\/wp\/v2\/users\/3"}],"replies":[{"embeddable":true,"href":"https:\/\/nmsravelsbach.ac.at\/index.php?rest_route=%2Fwp%2Fv2%2Fcomments&post=2535"}],"version-history":[{"count":1,"href":"https:\/\/nmsravelsbach.ac.at\/index.php?rest_route=\/wp\/v2\/posts\/2535\/revisions"}],"predecessor-version":[{"id":2537,"href":"https:\/\/nmsravelsbach.ac.at\/index.php?rest_route=\/wp\/v2\/posts\/2535\/revisions\/2537"}],"wp:featuredmedia":[{"embeddable":true,"href":"https:\/\/nmsravelsbach.ac.at\/index.php?rest_route=\/wp\/v2\/media\/2536"}],"wp:attachment":[{"href":"https:\/\/nmsravelsbach.ac.at\/index.php?rest_route=%2Fwp%2Fv2%2Fmedia&parent=2535"}],"wp:term":[{"taxonomy":"category","embeddable":true,"href":"https:\/\/nmsravelsbach.ac.at\/index.php?rest_route=%2Fwp%2Fv2%2Fcategories&post=2535"},{"taxonomy":"post_tag","embeddable":true,"href":"https:\/\/nmsravelsbach.ac.at\/index.php?rest_route=%2Fwp%2Fv2%2Ftags&post=2535"}],"curies":[{"name":"wp","href":"https:\/\/api.w.org\/{rel}","templated":true}]}}