{"id":2479,"date":"2025-03-13T11:16:04","date_gmt":"2025-03-13T10:16:04","guid":{"rendered":"https:\/\/nmsravelsbach.ac.at\/?p=2479"},"modified":"2025-03-13T11:16:04","modified_gmt":"2025-03-13T10:16:04","slug":"fit-in-den-fruehling","status":"publish","type":"post","link":"https:\/\/nmsravelsbach.ac.at\/?p=2479","title":{"rendered":"Fit in den Fr\u00fchling"},"content":{"rendered":"\n<p><strong>Auf die F\u00fc\u00dfe, fertig, los!<\/strong><\/p>\n\n\n\n<p>Die Klimameilen-Kampagne motiviert Kinder, Eltern, P\u00e4dagoginnen und P\u00e4dagogen zu\u00a0<strong>klimafreundlichen Kindergarten- und Schulwegen<\/strong>\u00a0und einer intensiven Auseinandersetzung mit dem Thema Mobilit\u00e4t. Sie unterst\u00fctzt Kinder europaweit darin, etwas \u00fcber den Einfluss ihres t\u00e4glichen Lebens auf das Klima zu lernen und ermutigt sie Vorbild f\u00fcr ihre Familien sowie f\u00fcr Klimapolitiker:innen zu sein.<\/p>\n\n\n<p><!--more--><\/p>\n\n\n\n\n<p>Jedes Jahr sammeln zigtausende Kindergarten- und Schulkinder \u201eGr\u00fcne Meilen\u201c f\u00fcr das Weltklima, die bei der UN-Klimakonferenz pr\u00e4sentiert werden.<\/p>\n\n\n\n<p>Bei dieser tollen Aktion darf die Gesund-Aktiv-Mittelschule nat\u00fcrlich nicht fehlen. In jeder Klasse h\u00e4ngt das Plakat und die Kinder d\u00fcrfen f\u00fcr jeden nicht mit dem Auto zur\u00fcckgelegten Schulweg ein Pickerl draufkleben.<\/p>\n\n\n\n<p>Schauen wir mal, welche Klasse die Nase vorne hat!<\/p>\n","protected":false},"excerpt":{"rendered":"<p>Auf die F\u00fc\u00dfe, fertig, los! Die Klimameilen-Kampagne motiviert Kinder, Eltern, P\u00e4dagoginnen und P\u00e4dagogen zu\u00a0klimafreundlichen Kindergarten- und Schulwegen\u00a0und einer intensiven Auseinandersetzung mit dem Thema Mobilit\u00e4t. Sie unterst\u00fctzt Kinder europaweit darin, etwas \u00fcber den Einfluss ihres t\u00e4glichen Lebens auf das Klima zu lernen und ermutigt sie Vorbild f\u00fcr ihre Familien sowie f\u00fcr<\/p>\n","protected":false},"author":3,"featured_media":2480,"comment_status":"closed","ping_status":"closed","sticky":false,"template":"","format":"standard","meta":[],"categories":[3],"tags":[],"_links":{"self":[{"href":"https:\/\/nmsravelsbach.ac.at\/index.php?rest_route=\/wp\/v2\/posts\/2479"}],"collection":[{"href":"https:\/\/nmsravelsbach.ac.at\/index.php?rest_route=\/wp\/v2\/posts"}],"about":[{"href":"https:\/\/nmsravelsbach.ac.at\/index.php?rest_route=\/wp\/v2\/types\/post"}],"author":[{"embeddable":true,"href":"https:\/\/nmsravelsbach.ac.at\/index.php?rest_route=\/wp\/v2\/users\/3"}],"replies":[{"embeddable":true,"href":"https:\/\/nmsravelsbach.ac.at\/index.php?rest_route=%2Fwp%2Fv2%2Fcomments&post=2479"}],"version-history":[{"count":1,"href":"https:\/\/nmsravelsbach.ac.at\/index.php?rest_route=\/wp\/v2\/posts\/2479\/revisions"}],"predecessor-version":[{"id":2481,"href":"https:\/\/nmsravelsbach.ac.at\/index.php?rest_route=\/wp\/v2\/posts\/2479\/revisions\/2481"}],"wp:featuredmedia":[{"embeddable":true,"href":"https:\/\/nmsravelsbach.ac.at\/index.php?rest_route=\/wp\/v2\/media\/2480"}],"wp:attachment":[{"href":"https:\/\/nmsravelsbach.ac.at\/index.php?rest_route=%2Fwp%2Fv2%2Fmedia&parent=2479"}],"wp:term":[{"taxonomy":"category","embeddable":true,"href":"https:\/\/nmsravelsbach.ac.at\/index.php?rest_route=%2Fwp%2Fv2%2Fcategories&post=2479"},{"taxonomy":"post_tag","embeddable":true,"href":"https:\/\/nmsravelsbach.ac.at\/index.php?rest_route=%2Fwp%2Fv2%2Ftags&post=2479"}],"curies":[{"name":"wp","href":"https:\/\/api.w.org\/{rel}","templated":true}]}}