{"id":1860,"date":"2022-09-13T10:46:26","date_gmt":"2022-09-13T08:46:26","guid":{"rendered":"https:\/\/nmsravelsbach.ac.at\/?p=1860"},"modified":"2022-09-13T10:56:24","modified_gmt":"2022-09-13T08:56:24","slug":"oe-umweltzeichen","status":"publish","type":"post","link":"https:\/\/nmsravelsbach.ac.at\/?p=1860","title":{"rendered":"\u00d6. Umweltzeichen"},"content":{"rendered":"<p>Im Umweltministerium bekamen wir am Freitag, den 9. Sept.22 als Delegation unserer Schule von Bildungsminister Polaschek und einem ranghohen Vertreter von Frau Umweltministerin Gewessler offiziell die Urkunde des \u00d6sterreichischen Umweltzeichens \u00fcberreicht. Darauf k\u00f6nnen wir als erste Mittelschule in N\u00d6 besonders stolz sein! F\u00fcr dieses exklusive Umweltsiegel mussten viele Themenfelder im Sinne der Nachhaltigkeit durch aktive Umsetzung in der Schule erf\u00fcllt werden.<br \/>\nDiese Auszeichnung verpflichtet uns weiters, auch in Zukunft sehr engagiert an unseren Zielen der Nachhaltigkeit zu arbeiten. Unser Schwerpunkt &#8222;Gesund-Aktiv&#8220; bietet uns dazu einen sehr guten Rahmen.<img loading=\"lazy\" class=\"alignnone size-large wp-image-1863\" src=\"http:\/\/nmsravelsbach.ac.at\/wp-content\/uploads\/Zertifizierung-OeUZ-9.9.22-2Bild-1024x681.jpg\" alt=\"\" width=\"1024\" height=\"681\" srcset=\"https:\/\/nmsravelsbach.ac.at\/wp-content\/uploads\/Zertifizierung-OeUZ-9.9.22-2Bild-1024x681.jpg 1024w, https:\/\/nmsravelsbach.ac.at\/wp-content\/uploads\/Zertifizierung-OeUZ-9.9.22-2Bild-300x200.jpg 300w, https:\/\/nmsravelsbach.ac.at\/wp-content\/uploads\/Zertifizierung-OeUZ-9.9.22-2Bild-768x511.jpg 768w, https:\/\/nmsravelsbach.ac.at\/wp-content\/uploads\/Zertifizierung-OeUZ-9.9.22-2Bild-1536x1022.jpg 1536w, https:\/\/nmsravelsbach.ac.at\/wp-content\/uploads\/Zertifizierung-OeUZ-9.9.22-2Bild.jpg 1775w\" sizes=\"(max-width: 1024px) 100vw, 1024px\" \/><\/p>\n","protected":false},"excerpt":{"rendered":"<p>Im Umweltministerium bekamen wir am Freitag, den 9. Sept.22 als Delegation unserer Schule von Bildungsminister Polaschek und einem ranghohen Vertreter von Frau Umweltministerin Gewessler offiziell die Urkunde des \u00d6sterreichischen Umweltzeichens \u00fcberreicht. Darauf k\u00f6nnen wir als erste Mittelschule in N\u00d6 besonders stolz sein! F\u00fcr dieses exklusive Umweltsiegel mussten viele Themenfelder im<\/p>\n","protected":false},"author":3,"featured_media":0,"comment_status":"closed","ping_status":"closed","sticky":false,"template":"","format":"standard","meta":[],"categories":[3,43],"tags":[],"_links":{"self":[{"href":"https:\/\/nmsravelsbach.ac.at\/index.php?rest_route=\/wp\/v2\/posts\/1860"}],"collection":[{"href":"https:\/\/nmsravelsbach.ac.at\/index.php?rest_route=\/wp\/v2\/posts"}],"about":[{"href":"https:\/\/nmsravelsbach.ac.at\/index.php?rest_route=\/wp\/v2\/types\/post"}],"author":[{"embeddable":true,"href":"https:\/\/nmsravelsbach.ac.at\/index.php?rest_route=\/wp\/v2\/users\/3"}],"replies":[{"embeddable":true,"href":"https:\/\/nmsravelsbach.ac.at\/index.php?rest_route=%2Fwp%2Fv2%2Fcomments&post=1860"}],"version-history":[{"count":3,"href":"https:\/\/nmsravelsbach.ac.at\/index.php?rest_route=\/wp\/v2\/posts\/1860\/revisions"}],"predecessor-version":[{"id":1865,"href":"https:\/\/nmsravelsbach.ac.at\/index.php?rest_route=\/wp\/v2\/posts\/1860\/revisions\/1865"}],"wp:attachment":[{"href":"https:\/\/nmsravelsbach.ac.at\/index.php?rest_route=%2Fwp%2Fv2%2Fmedia&parent=1860"}],"wp:term":[{"taxonomy":"category","embeddable":true,"href":"https:\/\/nmsravelsbach.ac.at\/index.php?rest_route=%2Fwp%2Fv2%2Fcategories&post=1860"},{"taxonomy":"post_tag","embeddable":true,"href":"https:\/\/nmsravelsbach.ac.at\/index.php?rest_route=%2Fwp%2Fv2%2Ftags&post=1860"}],"curies":[{"name":"wp","href":"https:\/\/api.w.org\/{rel}","templated":true}]}}