{"id":1223,"date":"2019-10-28T08:38:05","date_gmt":"2019-10-28T07:38:05","guid":{"rendered":"http:\/\/nmsravelsbach.ac.at\/?p=1223"},"modified":"2019-10-28T08:38:05","modified_gmt":"2019-10-28T07:38:05","slug":"willkommen-in-der-arbeitswelt-berufspraktische-tage","status":"publish","type":"post","link":"https:\/\/nmsravelsbach.ac.at\/?p=1223","title":{"rendered":"Willkommen in der Arbeitswelt &#8211; Berufspraktische Tage"},"content":{"rendered":"<p>Da sich in der NMS Ravelsbach alles um die F\u00f6rderung der Interessen, Neigungen und Begabungen der Sch\u00fclerinnen und Sch\u00fcler dreht, standen auch heuer wieder die \u201eBerufspraktischen Tage\u201c der 4. Klasse unter dem Motto, sowohl in die Berufswelt als auch in weiterf\u00fchrende Schulen hineinzuschnuppern. <!--more--><\/p>\n<p>Nach einer gr\u00fcndlichen Vorbereitung im Berufsorientierungsunterricht ging es hinaus in die Arbeitswelt, wo sie sich ein Bild von den Abl\u00e4ufen des jeweiligen Berufsbildes machen konnten.<br \/>\nNach dieser Zeit wurde ausf\u00fchrlich evaluiert und ein Klassenbarometer erstellt, aus dem klar hervorging, wie positiv und begeistert das Angebot bei den Jugendlichen angekommen ist.<br \/>\nAuch bei den Betrieben fand diese Veranstaltung wieder gro\u00dfen Anklang und die Sch\u00fcler\/innen wurden f\u00fcr ihre Motivation und ihren Arbeitseinsatz sehr gelobt.<\/p>\n","protected":false},"excerpt":{"rendered":"<p>Da sich in der NMS Ravelsbach alles um die F\u00f6rderung der Interessen, Neigungen und Begabungen der Sch\u00fclerinnen und Sch\u00fcler dreht, standen auch heuer wieder die \u201eBerufspraktischen Tage\u201c der 4. Klasse unter dem Motto, sowohl in die Berufswelt als auch in weiterf\u00fchrende Schulen hineinzuschnuppern.<\/p>\n","protected":false},"author":9,"featured_media":1224,"comment_status":"closed","ping_status":"closed","sticky":false,"template":"","format":"standard","meta":[],"categories":[3,12],"tags":[],"_links":{"self":[{"href":"https:\/\/nmsravelsbach.ac.at\/index.php?rest_route=\/wp\/v2\/posts\/1223"}],"collection":[{"href":"https:\/\/nmsravelsbach.ac.at\/index.php?rest_route=\/wp\/v2\/posts"}],"about":[{"href":"https:\/\/nmsravelsbach.ac.at\/index.php?rest_route=\/wp\/v2\/types\/post"}],"author":[{"embeddable":true,"href":"https:\/\/nmsravelsbach.ac.at\/index.php?rest_route=\/wp\/v2\/users\/9"}],"replies":[{"embeddable":true,"href":"https:\/\/nmsravelsbach.ac.at\/index.php?rest_route=%2Fwp%2Fv2%2Fcomments&post=1223"}],"version-history":[{"count":1,"href":"https:\/\/nmsravelsbach.ac.at\/index.php?rest_route=\/wp\/v2\/posts\/1223\/revisions"}],"predecessor-version":[{"id":1225,"href":"https:\/\/nmsravelsbach.ac.at\/index.php?rest_route=\/wp\/v2\/posts\/1223\/revisions\/1225"}],"wp:featuredmedia":[{"embeddable":true,"href":"https:\/\/nmsravelsbach.ac.at\/index.php?rest_route=\/wp\/v2\/media\/1224"}],"wp:attachment":[{"href":"https:\/\/nmsravelsbach.ac.at\/index.php?rest_route=%2Fwp%2Fv2%2Fmedia&parent=1223"}],"wp:term":[{"taxonomy":"category","embeddable":true,"href":"https:\/\/nmsravelsbach.ac.at\/index.php?rest_route=%2Fwp%2Fv2%2Fcategories&post=1223"},{"taxonomy":"post_tag","embeddable":true,"href":"https:\/\/nmsravelsbach.ac.at\/index.php?rest_route=%2Fwp%2Fv2%2Ftags&post=1223"}],"curies":[{"name":"wp","href":"https:\/\/api.w.org\/{rel}","templated":true}]}}